{"id":2187,"date":"2024-05-02T13:06:20","date_gmt":"2024-05-02T11:06:20","guid":{"rendered":"https:\/\/sanmigueladoratrices.com\/nomatriculados\/?p=2187"},"modified":"2024-05-02T13:06:22","modified_gmt":"2024-05-02T11:06:22","slug":"educacion-infantil-y-primaria","status":"publish","type":"post","link":"https:\/\/sanmigueladoratrices.com\/nomatriculados\/blog\/2024\/05\/02\/educacion-infantil-y-primaria\/","title":{"rendered":"Educaci\u00f3n Infantil y Primaria"},"content":{"rendered":"<div class=\"wp-block-image\">\n<figure class=\"aligncenter size-large is-resized\"><a href=\"https:\/\/sanmigueladoratrices.com\/nomatriculados\/wp-content\/uploads\/sites\/5\/2024\/05\/EDUCACION-INFANTIL.png\"><img loading=\"lazy\" decoding=\"async\" width=\"1024\" height=\"372\" src=\"https:\/\/sanmigueladoratrices.com\/nomatriculados\/wp-content\/uploads\/sites\/5\/2024\/05\/EDUCACION-INFANTIL-1024x372.png\" alt=\"\" class=\"wp-image-2168\" style=\"width:541px;height:auto\" srcset=\"https:\/\/sanmigueladoratrices.com\/nomatriculados\/wp-content\/uploads\/sites\/5\/2024\/05\/EDUCACION-INFANTIL-1024x372.png 1024w, https:\/\/sanmigueladoratrices.com\/nomatriculados\/wp-content\/uploads\/sites\/5\/2024\/05\/EDUCACION-INFANTIL-300x109.png 300w, https:\/\/sanmigueladoratrices.com\/nomatriculados\/wp-content\/uploads\/sites\/5\/2024\/05\/EDUCACION-INFANTIL-768x279.png 768w, https:\/\/sanmigueladoratrices.com\/nomatriculados\/wp-content\/uploads\/sites\/5\/2024\/05\/EDUCACION-INFANTIL-1536x558.png 1536w, https:\/\/sanmigueladoratrices.com\/nomatriculados\/wp-content\/uploads\/sites\/5\/2024\/05\/EDUCACION-INFANTIL.png 1788w\" sizes=\"auto, (max-width: 1024px) 100vw, 1024px\" \/><\/a><\/figure>\n<\/div>\n\n\n<div style=\"height:39px\" aria-hidden=\"true\" class=\"wp-block-spacer\"><\/div>\n\n\n\n<p>La etapa de <strong>Educaci\u00f3n Primaria<\/strong> se desarrolla en edades comprendidas <strong>entre 6-12 a\u00f1os<\/strong>. En esta etapa los alumnos experimentan <strong>cambios cognitivos, f\u00edsicos \u00a0y sociales<\/strong>.\u00a0<\/p>\n\n\n\n<p>Desde nuestro centro trabajamos un <strong>plan de acci\u00f3n tutorial<\/strong>, basado en una <strong>atenci\u00f3n personalizada<\/strong> a nuestros alumnos y sus familias, el cual acompa\u00f1a a la <strong>adquisici\u00f3n de las destrezas b\u00e1sicas<\/strong> en las materias instrumentales (c\u00e1lculo, lectura y escritura) y, sobre todo, al <strong>desarrollo integral del alumnado<\/strong> en todos sus \u00e1mbitos.<\/p>\n\n\n\n<p>El curr\u00edculo de Educaci\u00f3n Primaria en Andaluc\u00eda se secuencia en <strong>tres ciclo de dos cursos cada uno<\/strong>. La secuenciaci\u00f3n del curr\u00edculo, dentro de su autonom\u00eda, es seleccionada por los centros docentes. Para ello, consideramos imprescindible el uso de una <strong>metodolog\u00edas activas<\/strong> basada en rutinas de pensamiento, aprendizaje cooperativo, una educaci\u00f3n biling\u00fce (con profesores auxiliares de conversaci\u00f3n)\u00a0 y un plan de igualdad de g\u00e9nero y coeducaci\u00f3n.<\/p>\n","protected":false},"excerpt":{"rendered":"<p>La etapa de Educaci\u00f3n Primaria se desarrolla en edades comprendidas entre 6-12 a\u00f1os. En esta etapa los alumnos experimentan cambios cognitivos, f\u00edsicos \u00a0y sociales.\u00a0 Desde nuestro centro trabajamos un plan de acci\u00f3n tutorial, basado en una atenci\u00f3n personalizada a nuestros alumnos y sus familias, el cual acompa\u00f1a a la adquisici\u00f3n de las destrezas b\u00e1sicas en [&hellip;]<\/p>\n","protected":false},"author":1,"featured_media":0,"comment_status":"closed","ping_status":"closed","sticky":false,"template":"","format":"standard","meta":{"footnotes":""},"categories":[1],"tags":[],"class_list":["post-2187","post","type-post","status-publish","format-standard","hentry","category-noticia"],"_links":{"self":[{"href":"https:\/\/sanmigueladoratrices.com\/nomatriculados\/wp-json\/wp\/v2\/posts\/2187","targetHints":{"allow":["GET"]}}],"collection":[{"href":"https:\/\/sanmigueladoratrices.com\/nomatriculados\/wp-json\/wp\/v2\/posts"}],"about":[{"href":"https:\/\/sanmigueladoratrices.com\/nomatriculados\/wp-json\/wp\/v2\/types\/post"}],"author":[{"embeddable":true,"href":"https:\/\/sanmigueladoratrices.com\/nomatriculados\/wp-json\/wp\/v2\/users\/1"}],"replies":[{"embeddable":true,"href":"https:\/\/sanmigueladoratrices.com\/nomatriculados\/wp-json\/wp\/v2\/comments?post=2187"}],"version-history":[{"count":1,"href":"https:\/\/sanmigueladoratrices.com\/nomatriculados\/wp-json\/wp\/v2\/posts\/2187\/revisions"}],"predecessor-version":[{"id":2188,"href":"https:\/\/sanmigueladoratrices.com\/nomatriculados\/wp-json\/wp\/v2\/posts\/2187\/revisions\/2188"}],"wp:attachment":[{"href":"https:\/\/sanmigueladoratrices.com\/nomatriculados\/wp-json\/wp\/v2\/media?parent=2187"}],"wp:term":[{"taxonomy":"category","embeddable":true,"href":"https:\/\/sanmigueladoratrices.com\/nomatriculados\/wp-json\/wp\/v2\/categories?post=2187"},{"taxonomy":"post_tag","embeddable":true,"href":"https:\/\/sanmigueladoratrices.com\/nomatriculados\/wp-json\/wp\/v2\/tags?post=2187"}],"curies":[{"name":"wp","href":"https:\/\/api.w.org\/{rel}","templated":true}]}}